{"id":1129,"date":"2016-12-03T13:30:18","date_gmt":"2016-12-03T12:30:18","guid":{"rendered":"http:\/\/dpsg-st-anno.de\/?p=1129"},"modified":"2017-02-14T14:40:10","modified_gmt":"2017-02-14T13:40:10","slug":"leiterlager-2016","status":"publish","type":"post","link":"https:\/\/dpsg-st-anno.de\/?p=1129","title":{"rendered":"Leiterlager 2016"},"content":{"rendered":"<p><a href=\"https:\/\/dpsg-st-anno.de\/wp-content\/uploads\/2017\/02\/leila.jpg\"><img fetchpriority=\"high\" decoding=\"async\" class=\"alignnone wp-image-1130 size-large\" src=\"https:\/\/dpsg-st-anno.de\/wp-content\/uploads\/2017\/02\/leila-1024x683.jpg\" width=\"584\" height=\"390\" srcset=\"https:\/\/dpsg-st-anno.de\/wp-content\/uploads\/2017\/02\/leila-1024x683.jpg 1024w, https:\/\/dpsg-st-anno.de\/wp-content\/uploads\/2017\/02\/leila-300x200.jpg 300w, https:\/\/dpsg-st-anno.de\/wp-content\/uploads\/2017\/02\/leila-768x512.jpg 768w, https:\/\/dpsg-st-anno.de\/wp-content\/uploads\/2017\/02\/leila-450x300.jpg 450w, https:\/\/dpsg-st-anno.de\/wp-content\/uploads\/2017\/02\/leila.jpg 1296w\" sizes=\"(max-width: 584px) 100vw, 584px\" \/><\/a><!--more--><\/p>\n<p>Unser diesj\u00e4hriges Leiterlager f\u00fchrte uns nach Neunkirchen-Seelscheid in den P\u00fctzerhof.<\/p>\n<p>Wir verteilten die Aufgaben im Stamm und die Stufenzugeh\u00f6rigkeiten neu, sprachen \u00fcber aktuelle und kommende Themen, bewegten uns an der frischen Luft, besichtigten das Haus f\u00fcr das Jahresabschlusslager, kochten sehr lecker und hatten viel Spa\u00df zusammen.<\/p>\n<p>Samstags abends besuchte uns auch unser neuer Kurat: Eine tolle M\u00f6glichkeit sich besser kennenzulernen!<\/p>\n<p>Sch\u00f6n, dass so viele Leiter dabei waren, die Lust auf das n\u00e4chste Pfadfinderjahr haben!<\/p>\n<p><a href=\"https:\/\/dpsg-st-anno.de\/wp-content\/uploads\/2017\/02\/leila2.jpg\"><img decoding=\"async\" class=\"alignnone wp-image-1131 size-large\" src=\"https:\/\/dpsg-st-anno.de\/wp-content\/uploads\/2017\/02\/leila2-1024x683.jpg\" width=\"584\" height=\"390\" srcset=\"https:\/\/dpsg-st-anno.de\/wp-content\/uploads\/2017\/02\/leila2-1024x683.jpg 1024w, https:\/\/dpsg-st-anno.de\/wp-content\/uploads\/2017\/02\/leila2-300x200.jpg 300w, https:\/\/dpsg-st-anno.de\/wp-content\/uploads\/2017\/02\/leila2-768x512.jpg 768w, https:\/\/dpsg-st-anno.de\/wp-content\/uploads\/2017\/02\/leila2-450x300.jpg 450w, https:\/\/dpsg-st-anno.de\/wp-content\/uploads\/2017\/02\/leila2.jpg 1296w\" sizes=\"(max-width: 584px) 100vw, 584px\" \/><\/a><\/p>\n<p>Ein Beitrag von Klara<\/p>\n","protected":false},"excerpt":{"rendered":"","protected":false},"author":10,"featured_media":0,"comment_status":"open","ping_status":"open","sticky":false,"template":"","format":"standard","meta":{"footnotes":""},"categories":[2],"tags":[],"class_list":["post-1129","post","type-post","status-publish","format-standard","hentry","category-allgemein"],"_links":{"self":[{"href":"https:\/\/dpsg-st-anno.de\/index.php?rest_route=\/wp\/v2\/posts\/1129","targetHints":{"allow":["GET"]}}],"collection":[{"href":"https:\/\/dpsg-st-anno.de\/index.php?rest_route=\/wp\/v2\/posts"}],"about":[{"href":"https:\/\/dpsg-st-anno.de\/index.php?rest_route=\/wp\/v2\/types\/post"}],"author":[{"embeddable":true,"href":"https:\/\/dpsg-st-anno.de\/index.php?rest_route=\/wp\/v2\/users\/10"}],"replies":[{"embeddable":true,"href":"https:\/\/dpsg-st-anno.de\/index.php?rest_route=%2Fwp%2Fv2%2Fcomments&post=1129"}],"version-history":[{"count":2,"href":"https:\/\/dpsg-st-anno.de\/index.php?rest_route=\/wp\/v2\/posts\/1129\/revisions"}],"predecessor-version":[{"id":1159,"href":"https:\/\/dpsg-st-anno.de\/index.php?rest_route=\/wp\/v2\/posts\/1129\/revisions\/1159"}],"wp:attachment":[{"href":"https:\/\/dpsg-st-anno.de\/index.php?rest_route=%2Fwp%2Fv2%2Fmedia&parent=1129"}],"wp:term":[{"taxonomy":"category","embeddable":true,"href":"https:\/\/dpsg-st-anno.de\/index.php?rest_route=%2Fwp%2Fv2%2Fcategories&post=1129"},{"taxonomy":"post_tag","embeddable":true,"href":"https:\/\/dpsg-st-anno.de\/index.php?rest_route=%2Fwp%2Fv2%2Ftags&post=1129"}],"curies":[{"name":"wp","href":"https:\/\/api.w.org\/{rel}","templated":true}]}}